{"id":9677,"date":"2023-01-13T09:30:32","date_gmt":"2023-01-13T08:30:32","guid":{"rendered":"https:\/\/kamboo-project.ngo\/staging\/?p=9677"},"modified":"2023-02-15T09:31:21","modified_gmt":"2023-02-15T08:31:21","slug":"blog-du-nouveau-partenaire-veloplus-un-avenir-grace-au-velo","status":"publish","type":"post","link":"https:\/\/kamboo-project.ngo\/fr\/blog-du-nouveau-partenaire-veloplus-un-avenir-grace-au-velo\/","title":{"rendered":"Blog du nouveau partenaire Veloplus : Un avenir gr\u00e2ce au v\u00e9lo"},"content":{"rendered":"<div id=\"lead-block_1456f51ab7d903c02c1121c02d751b30\" class=\"lead\">\n<p>Veloplus a un nouveau partenariat avec l&rsquo;ONG suisse Kamboo Project pour 2023. L&rsquo;association s&rsquo;engage \u00e0 promouvoir un avenir durable et autod\u00e9termin\u00e9 pour les Cambodgiens par le biais d&rsquo;une promotion intensive du cyclisme pour les enfants et les jeunes et de nombreux autres projets.<\/p>\n<\/div>\n<p>Dans cet article, l&rsquo;association Kamboo Project se pr\u00e9sente et montre l&rsquo;importance du v\u00e9lo au Cambodge. Vous trouverez \u00e9galement <strong>sous la publication les informations sur le compte de don<\/strong>, ainsi que notre propre <strong>campagne de financement<\/strong>. De la vente de foulards tube s\u00e9lectionn\u00e9s de notre gamme, nous reverserons 50% du prix de vente directement au projet.<\/p>\n<h2>Qu&rsquo;est-ce que les v\u00e9los ont \u00e0 voir avec l&rsquo;\u00e9cole\u00a0?<\/h2>\n<p>Beaucoup. Le chemin de l&rsquo;\u00e9cole au Cambodge est souvent difficile. Les transports en commun ne sont pas disponibles partout, surtout en dehors des villes. Il n&rsquo;est pas rare que la mani\u00e8re de d\u00e9cider combien de jours un enfant peut venir \u00e0 l&rsquo;\u00e9cole, s&rsquo;il vient du tout, oui &#8211; s&rsquo;il est m\u00eame inscrit \u00e0 l&rsquo;\u00e9cole!<\/p>\n<figure class=\"wp-container-2 wp-block-gallery-1 wp-block-gallery has-nested-images columns-default is-cropped\">\n<figure class=\"wp-block-image size-full\"><img fetchpriority=\"high\" decoding=\"async\" class=\"wp-image-35211 aligncenter\" src=\"https:\/\/blog.veloplus.ch\/wp-content\/uploads\/2023\/01\/IMG_1261-1-scaled.jpg\" sizes=\"(max-width: 2560px) 100vw, 2560px\" srcset=\"https:\/\/blog.veloplus.ch\/wp-content\/uploads\/2023\/01\/IMG_1261-1-scaled.jpg 2560w, https:\/\/blog.veloplus.ch\/wp-content\/uploads\/2023\/01\/IMG_1261-1-1652x1101.jpg 1652w, https:\/\/blog.veloplus.ch\/wp-content\/uploads\/2023\/01\/IMG_1261-1-796x531.jpg 796w, https:\/\/blog.veloplus.ch\/wp-content\/uploads\/2023\/01\/IMG_1261-1-768x512.jpg 768w, https:\/\/blog.veloplus.ch\/wp-content\/uploads\/2023\/01\/IMG_1261-1-1536x1024.jpg 1536w, https:\/\/blog.veloplus.ch\/wp-content\/uploads\/2023\/01\/IMG_1261-1-2048x1365.jpg 2048w\" alt=\"\" width=\"2560\" height=\"1707\" data-id=\"35211\" \/><\/figure>\n<figure class=\"wp-block-image size-full\"><img decoding=\"async\" class=\"wp-image-35206 aligncenter\" src=\"https:\/\/blog.veloplus.ch\/wp-content\/uploads\/2023\/01\/IMG_1465-scaled.jpg\" sizes=\"(max-width: 2560px) 100vw, 2560px\" srcset=\"https:\/\/blog.veloplus.ch\/wp-content\/uploads\/2023\/01\/IMG_1465-scaled.jpg 2560w, https:\/\/blog.veloplus.ch\/wp-content\/uploads\/2023\/01\/IMG_1465-1652x1101.jpg 1652w, https:\/\/blog.veloplus.ch\/wp-content\/uploads\/2023\/01\/IMG_1465-796x531.jpg 796w, https:\/\/blog.veloplus.ch\/wp-content\/uploads\/2023\/01\/IMG_1465-768x512.jpg 768w, https:\/\/blog.veloplus.ch\/wp-content\/uploads\/2023\/01\/IMG_1465-1536x1024.jpg 1536w, https:\/\/blog.veloplus.ch\/wp-content\/uploads\/2023\/01\/IMG_1465-2048x1365.jpg 2048w\" alt=\"\" width=\"2560\" height=\"1707\" data-id=\"35206\" \/><\/figure>\n<figure class=\"wp-block-image size-full\"><img decoding=\"async\" class=\"wp-image-35212 aligncenter\" src=\"https:\/\/blog.veloplus.ch\/wp-content\/uploads\/2023\/01\/IMG_1233-1-scaled.jpg\" sizes=\"(max-width: 2560px) 100vw, 2560px\" srcset=\"https:\/\/blog.veloplus.ch\/wp-content\/uploads\/2023\/01\/IMG_1233-1-scaled.jpg 2560w, https:\/\/blog.veloplus.ch\/wp-content\/uploads\/2023\/01\/IMG_1233-1-1652x1101.jpg 1652w, https:\/\/blog.veloplus.ch\/wp-content\/uploads\/2023\/01\/IMG_1233-1-796x531.jpg 796w, https:\/\/blog.veloplus.ch\/wp-content\/uploads\/2023\/01\/IMG_1233-1-768x512.jpg 768w, https:\/\/blog.veloplus.ch\/wp-content\/uploads\/2023\/01\/IMG_1233-1-1536x1024.jpg 1536w, https:\/\/blog.veloplus.ch\/wp-content\/uploads\/2023\/01\/IMG_1233-1-2048x1365.jpg 2048w\" alt=\"\" width=\"2560\" height=\"1707\" data-id=\"35212\" \/><\/figure>\n<figure class=\"wp-block-image size-full\"><img loading=\"lazy\" decoding=\"async\" class=\"wp-image-35207 aligncenter\" src=\"https:\/\/blog.veloplus.ch\/wp-content\/uploads\/2023\/01\/IMG_1468-scaled.jpg\" sizes=\"(max-width: 2560px) 100vw, 2560px\" srcset=\"https:\/\/blog.veloplus.ch\/wp-content\/uploads\/2023\/01\/IMG_1468-scaled.jpg 2560w, https:\/\/blog.veloplus.ch\/wp-content\/uploads\/2023\/01\/IMG_1468-1652x1101.jpg 1652w, https:\/\/blog.veloplus.ch\/wp-content\/uploads\/2023\/01\/IMG_1468-796x531.jpg 796w, https:\/\/blog.veloplus.ch\/wp-content\/uploads\/2023\/01\/IMG_1468-768x512.jpg 768w, https:\/\/blog.veloplus.ch\/wp-content\/uploads\/2023\/01\/IMG_1468-1536x1024.jpg 1536w, https:\/\/blog.veloplus.ch\/wp-content\/uploads\/2023\/01\/IMG_1468-2048x1365.jpg 2048w\" alt=\"\" width=\"2560\" height=\"1707\" data-id=\"35207\" \/><\/figure><figcaption class=\"blocks-gallery-caption\">Gr\u00e2ce \u00e0 Kamboo Project, de nombreux enfants au Cambodge ont d\u00e9j\u00e0 re\u00e7u un v\u00e9lo.<\/figcaption><\/figure>\n<p>Dans ce contexte, le v\u00e9lo est un outil important et efficace pour un enfant cambodgien : en se rendant \u00e0 l&rsquo;\u00e9cole \u00e0 v\u00e9lo, les enfants ont plus d&rsquo;\u00e9nergie et de temps libre pour \u00e9tudier. Le v\u00e9lo offre plus de s\u00e9curit\u00e9 aux apprenants que d&rsquo;avoir \u00e0 marcher de chez eux en zone rurale.<\/p>\n<p>Mais poss\u00e9der et entretenir un v\u00e9lo est un luxe pour la plupart des familles avec enfants, en particulier dans les zones rurales o\u00f9 l&rsquo;\u00e9cole primaire la plus proche est g\u00e9n\u00e9ralement \u00e0 des kilom\u00e8tres.<\/p>\n<figure class=\"wp-block-embed is-type-video is-provider-youtube wp-block-embed-youtube wp-embed-aspect-16-9 wp-has-aspect-ratio\">\n<div class=\"wp-block-embed__wrapper\"><iframe title=\"Kamboo Project - eine nachhaltige Zukunft f\u00fcr Menschen in Kambodscha\" src=\"https:\/\/www.youtube.com\/embed\/eyhvEHMiebw?feature=oembed\" width=\"500\" height=\"281\" frameborder=\"0\" allowfullscreen=\"allowfullscreen\" data-mce-fragment=\"1\"><\/iframe><\/div><figcaption>La maman \u00e9tudiante Sreyart montre comment son projet Kamboo et le v\u00e9lo facilitent la vie.<\/figcaption><\/figure>\n<figure class=\"wp-block-pullquote\">\n<blockquote><p>\u00ab\u00a0Avoir un v\u00e9lo me facilite grandement la vie. Je n&rsquo;ai pas besoin de me lever aussi t\u00f4t le matin et je suis moins fatigu\u00e9e quand je rentre de l&rsquo;\u00e9cole le soir. J&rsquo;ai donc plus de temps pour aider ma m\u00e8re dans le travail quotidien.<\/p>\n<p><cite>Maman Sreyart, \u00e9tudiante du Cambodge<\/cite><\/p><\/blockquote>\n<p>Comme les quatre ann\u00e9es pr\u00e9c\u00e9dentes, cette ann\u00e9e, \u00e0 Kamboo Project, nous demanderons aux 15 \u00e9coles que nous soutenons quels enfants seraient particuli\u00e8rement aid\u00e9s par un v\u00e9lo. L&rsquo;\u00e9quipe du projet Kamboo visite ensuite les familles des enfants d\u00e9sign\u00e9s par les \u00e9coles pour finalement s\u00e9lectionner les \u00e9l\u00e8ves les plus n\u00e9cessiteux.<\/p>\n<p>Nous remercions notre nouveau partenaire, Veloplus, de nous soutenir avec un partenariat en 2023.<\/p>\n<hr class=\"wp-block-separator has-alpha-channel-opacity\" \/>\n<h2>Lev\u00e9e de fonds Veloplus<\/h2>\n<p>Vous souhaitez soutenir le Projet Kamboo ? Nous avons s\u00e9lectionn\u00e9 trois \u00e9charpes tube de notre gamme dont 50% du prix de vente revient directement \u00e0 Kamboo Project. A l&rsquo;achat d&rsquo;un des trois foulards tube, vous soutenez Kamboo Project en m\u00eame temps !<\/p>\n<h3>Achetez une \u00e9charpe tubulaire et soutenez le projet<\/h3>\n<div id=\"product-teaser-block_d465bc7fdf9c1525784eb7e809573430\" class=\"row product-teaser\">\n<div class=\"col-sm-4 col-md-3 product-image\">\n<figure><a href=\"https:\/\/www.veloplus.ch\/shop\/bekleidung\/accessoires\/schlauchschals\/buff-dryflx-halswaermer-33006167.001\"><img loading=\"lazy\" decoding=\"async\" class=\"attachment-thumbnail_uncropped size-thumbnail_uncropped\" src=\"https:\/\/blog.veloplus.ch\/wp-content\/uploads\/2023\/01\/schal2-796x796.jpg\" sizes=\"(max-width: 796px) 100vw, 796px\" srcset=\"https:\/\/blog.veloplus.ch\/wp-content\/uploads\/2023\/01\/schal2-796x796.jpg 796w, https:\/\/blog.veloplus.ch\/wp-content\/uploads\/2023\/01\/schal2-1652x1652.jpg 1652w, https:\/\/blog.veloplus.ch\/wp-content\/uploads\/2023\/01\/schal2-768x768.jpg 768w, https:\/\/blog.veloplus.ch\/wp-content\/uploads\/2023\/01\/schal2-1536x1536.jpg 1536w, https:\/\/blog.veloplus.ch\/wp-content\/uploads\/2023\/01\/schal2-144x144.jpg 144w, https:\/\/blog.veloplus.ch\/wp-content\/uploads\/2023\/01\/schal2.jpg 1920w\" alt=\"\" width=\"796\" height=\"796\" \/><\/a><\/figure>\n<\/div>\n<div class=\"col-sm-8 offset-lg-1 product-description\">\n<h3>DRYFLX+ Halsw\u00e4rmer von Buff<\/h3>\n<p>Le cache-cou DRYFLX+ de BUFF a la forme du visage, il s&rsquo;adapte donc parfaitement et garde le cou, le menton et le nez au chaud. Une perforation au niveau de la bouche et du nez facilite la respiration. Le mat\u00e9riau est respirant et s\u00e8che rapidement.<br \/>\n<a href=\"https:\/\/www.veloplus.ch\/shop\/bekleidung\/accessoires\/schlauchschals\/buff-dryflx-halswaermer-33006167.001\" rel=\"noopener\">Zum Onlineshop<\/a><\/p>\n<\/div>\n<\/div>\n<div id=\"product-teaser-block_39a4b6a624dbcbb88b82cf24f95ba447\" class=\"row product-teaser\">\n<div class=\"col-sm-4 col-md-3 product-image\">\n<figure><a href=\"https:\/\/www.veloplus.ch\/shop\/bekleidung\/accessoires\/schlauchschals\/pac-anti-mosquito-schlauchschal-33007690.001\"><img loading=\"lazy\" decoding=\"async\" class=\"attachment-thumbnail_uncropped size-thumbnail_uncropped\" src=\"https:\/\/blog.veloplus.ch\/wp-content\/uploads\/2023\/01\/schal1-796x796.jpg\" sizes=\"(max-width: 796px) 100vw, 796px\" srcset=\"https:\/\/blog.veloplus.ch\/wp-content\/uploads\/2023\/01\/schal1-796x796.jpg 796w, https:\/\/blog.veloplus.ch\/wp-content\/uploads\/2023\/01\/schal1-1652x1652.jpg 1652w, https:\/\/blog.veloplus.ch\/wp-content\/uploads\/2023\/01\/schal1-768x768.jpg 768w, https:\/\/blog.veloplus.ch\/wp-content\/uploads\/2023\/01\/schal1-1536x1536.jpg 1536w, https:\/\/blog.veloplus.ch\/wp-content\/uploads\/2023\/01\/schal1-144x144.jpg 144w, https:\/\/blog.veloplus.ch\/wp-content\/uploads\/2023\/01\/schal1.jpg 1920w\" alt=\"\" width=\"796\" height=\"796\" \/><\/a><\/figure>\n<\/div>\n<div class=\"col-sm-8 offset-lg-1 product-description\">\n<h3>Snood anti-moustiques par P.A.C.<\/h3>\n<p>La finition anti-moustiques respectueuse de l&rsquo;environnement et de la peau offre une bonne protection contre les tiques et les moustiques sur une base biod\u00e9gradable. L&rsquo;odeur du mat\u00e9riel anti moustique \u00e9loigne les insectes, mais n&rsquo;est pas dangereuse pour eux.<\/p>\n<p><a href=\"https:\/\/www.veloplus.ch\/shop\/bekleidung\/accessoires\/schlauchschals\/pac-anti-mosquito-schlauchschal-33007690.001\" rel=\"noopener\">Zum Onlineshop<\/a><\/p>\n<\/div>\n<\/div>\n<div id=\"product-teaser-block_66ca8607b29196c8c5c7102a8fb5b263\" class=\"row product-teaser\">\n<div class=\"col-sm-4 col-md-3 product-image\">\n<figure><a href=\"https:\/\/www.veloplus.ch\/shop\/bekleidung\/accessoires\/schlauchschals\/pac-recycled-merino-tech-schlauchschal-33007686.001\"><img loading=\"lazy\" decoding=\"async\" class=\"attachment-thumbnail_uncropped size-thumbnail_uncropped\" src=\"https:\/\/blog.veloplus.ch\/wp-content\/uploads\/2023\/01\/schal3-796x796.jpg\" sizes=\"(max-width: 796px) 100vw, 796px\" srcset=\"https:\/\/blog.veloplus.ch\/wp-content\/uploads\/2023\/01\/schal3-796x796.jpg 796w, https:\/\/blog.veloplus.ch\/wp-content\/uploads\/2023\/01\/schal3-1652x1652.jpg 1652w, https:\/\/blog.veloplus.ch\/wp-content\/uploads\/2023\/01\/schal3-768x768.jpg 768w, https:\/\/blog.veloplus.ch\/wp-content\/uploads\/2023\/01\/schal3-1536x1536.jpg 1536w, https:\/\/blog.veloplus.ch\/wp-content\/uploads\/2023\/01\/schal3-144x144.jpg 144w, https:\/\/blog.veloplus.ch\/wp-content\/uploads\/2023\/01\/schal3.jpg 1920w\" alt=\"\" width=\"796\" height=\"796\" \/><\/a><\/figure>\n<\/div>\n<div class=\"col-sm-8 offset-lg-1 product-description\">\n<h3>Snood Merino Tech recycl\u00e9 par P.A.C.<\/h3>\n<p>L&rsquo;\u00e9charpe tube en mati\u00e8res 100% recycl\u00e9es associe une fibre technique performante \u00e0 de la laine m\u00e9rinos naturelle pour une thermor\u00e9gulation parfaite et une bonne \u00e9vacuation de l&rsquo;humidit\u00e9. Les mat\u00e9riaux offrent un haut niveau de tol\u00e9rance cutan\u00e9e et la laine m\u00e9rinos a naturellement des propri\u00e9t\u00e9s anti-odeurs.<\/p>\n<p><a href=\"https:\/\/www.veloplus.ch\/shop\/bekleidung\/accessoires\/schlauchschals\/pac-recycled-merino-tech-schlauchschal-33007686.001\" rel=\"noopener\">Zum Onlineshop<\/a><\/p>\n<\/div>\n<\/div>\n<h2>Compte de don<\/h2>\n<p>Si vous souhaitez soutenir le projet en plus, vous pouvez \u00e9galement le faire avec la note \u00ab\u00a0Veloplus\u00a0\u00bb via le compte de don suivant :<\/p>\n<div class=\"wp-container-4 wp-block-group\">\n<div class=\"wp-block-group__inner-container\">\n<p><strong>Kamboo Project<br \/>\nAuf der Mauer 2<br \/>\n8001 Z\u00fcrich<br \/>\nSchweiz<\/strong><\/p>\n<p><strong>CH88 0020 9209 1043 9701 A<\/strong><\/p>\n<p><strong>BIC\/SWIFT: UBSWCHZH80A<\/strong><\/p>\n<p>&nbsp;<\/p>\n<div class=\"wp-container-3 wp-block-buttons\">\n<div class=\"wp-block-button has-custom-width wp-block-button__width-100\"><a class=\"wp-block-button__link\" href=\"https:\/\/kamboo-project.ngo\/fr\/soutien-monetaire-aux-projets\/\" rel=\"noreferrer noopener\">Faire un don maintenant<\/a><\/div>\n<\/div>\n<\/div>\n<\/div>\n<p>&nbsp;<\/p>\n<figure class=\"wp-block-image size-large\"><img loading=\"lazy\" decoding=\"async\" class=\"wp-image-35227\" src=\"https:\/\/blog.veloplus.ch\/wp-content\/uploads\/2023\/01\/0N2A0222-2048x1100.jpg\" alt=\"\" width=\"2048\" height=\"1100\" \/><\/figure>\n<\/figure>\n","protected":false},"excerpt":{"rendered":"<p>Veloplus a un nouveau partenariat avec l&rsquo;ONG suisse Kamboo Project pour 2023. L&rsquo;association s&rsquo;engage \u00e0 promouvoir un avenir durable et autod\u00e9termin\u00e9 pour les Cambodgiens par le biais d&rsquo;une promotion intensive du cyclisme pour les enfants et les jeunes et de nombreux autres projets. Dans cet article, l&rsquo;association Kamboo Project se pr\u00e9sente et montre l&rsquo;importance du [&hellip;]<\/p>\n","protected":false},"author":1,"featured_media":9088,"comment_status":"open","ping_status":"closed","sticky":false,"template":"","format":"standard","meta":{"_acf_changed":false,"footnotes":""},"categories":[],"tags":[],"class_list":["post-9677","post","type-post","status-publish","format-standard","has-post-thumbnail","hentry"],"acf":[],"aioseo_notices":[],"_links":{"self":[{"href":"https:\/\/kamboo-project.ngo\/fr\/wp-json\/wp\/v2\/posts\/9677","targetHints":{"allow":["GET"]}}],"collection":[{"href":"https:\/\/kamboo-project.ngo\/fr\/wp-json\/wp\/v2\/posts"}],"about":[{"href":"https:\/\/kamboo-project.ngo\/fr\/wp-json\/wp\/v2\/types\/post"}],"author":[{"embeddable":true,"href":"https:\/\/kamboo-project.ngo\/fr\/wp-json\/wp\/v2\/users\/1"}],"replies":[{"embeddable":true,"href":"https:\/\/kamboo-project.ngo\/fr\/wp-json\/wp\/v2\/comments?post=9677"}],"version-history":[{"count":1,"href":"https:\/\/kamboo-project.ngo\/fr\/wp-json\/wp\/v2\/posts\/9677\/revisions"}],"predecessor-version":[{"id":9678,"href":"https:\/\/kamboo-project.ngo\/fr\/wp-json\/wp\/v2\/posts\/9677\/revisions\/9678"}],"wp:featuredmedia":[{"embeddable":true,"href":"https:\/\/kamboo-project.ngo\/fr\/wp-json\/wp\/v2\/media\/9088"}],"wp:attachment":[{"href":"https:\/\/kamboo-project.ngo\/fr\/wp-json\/wp\/v2\/media?parent=9677"}],"wp:term":[{"taxonomy":"category","embeddable":true,"href":"https:\/\/kamboo-project.ngo\/fr\/wp-json\/wp\/v2\/categories?post=9677"},{"taxonomy":"post_tag","embeddable":true,"href":"https:\/\/kamboo-project.ngo\/fr\/wp-json\/wp\/v2\/tags?post=9677"}],"curies":[{"name":"wp","href":"https:\/\/api.w.org\/{rel}","templated":true}]}}